{"id":616,"date":"2017-10-11T17:03:00","date_gmt":"2017-10-11T15:03:00","guid":{"rendered":"http:\/\/3.254.11.177:8081\/?p=616"},"modified":"2025-07-23T10:06:32","modified_gmt":"2025-07-23T08:06:32","slug":"institucion-libre-ensenanza-madrid","status":"publish","type":"post","link":"https:\/\/www.americanlanguage.es\/blog-aprender-ingles\/institucion-libre-ensenanza-madrid","title":{"rendered":"Exposici\u00f3n Giner de los R\u00edos en la Instituci\u00f3n Libre de Ense\u00f1anza"},"content":{"rendered":"<p data-start=\"210\" data-end=\"508\">Conmemorando los <strong data-start=\"227\" data-end=\"283\">100 a\u00f1os de la muerte de Francisco Giner de los R\u00edos<\/strong>, pensador, pedagogo e impulsor del proyecto de modernizaci\u00f3n del pa\u00eds y uno de los fundadores de la Instituci\u00f3n Libre de Ense\u00f1anza (ILE), esta exquisita exposici\u00f3n recorre su trayectoria personal y su obra principal: la ILE.<\/p>\n<div id=\"ez-toc-container\" class=\"ez-toc-v2_0_80 counter-hierarchy ez-toc-counter ez-toc-transparent ez-toc-container-direction\">\n<div class=\"ez-toc-title-container\">\n<p class=\"ez-toc-title\" style=\"cursor:inherit\">Tabla de contenidos<\/p>\n<span class=\"ez-toc-title-toggle\"><a href=\"#\" class=\"ez-toc-pull-right ez-toc-btn ez-toc-btn-xs ez-toc-btn-default ez-toc-toggle\" aria-label=\"Alternar tabla de contenidos\"><span class=\"ez-toc-js-icon-con\"><span class=\"\"><span class=\"eztoc-hide\" style=\"display:none;\">Toggle<\/span><span class=\"ez-toc-icon-toggle-span\"><svg style=\"fill: #999;color:#999\" xmlns=\"http:\/\/www.w3.org\/2000\/svg\" class=\"list-377408\" width=\"20px\" height=\"20px\" viewBox=\"0 0 24 24\" fill=\"none\"><path d=\"M6 6H4v2h2V6zm14 0H8v2h12V6zM4 11h2v2H4v-2zm16 0H8v2h12v-2zM4 16h2v2H4v-2zm16 0H8v2h12v-2z\" fill=\"currentColor\"><\/path><\/svg><svg style=\"fill: #999;color:#999\" class=\"arrow-unsorted-368013\" xmlns=\"http:\/\/www.w3.org\/2000\/svg\" width=\"10px\" height=\"10px\" viewBox=\"0 0 24 24\" version=\"1.2\" baseProfile=\"tiny\"><path d=\"M18.2 9.3l-6.2-6.3-6.2 6.3c-.2.2-.3.4-.3.7s.1.5.3.7c.2.2.4.3.7.3h11c.3 0 .5-.1.7-.3.2-.2.3-.5.3-.7s-.1-.5-.3-.7zM5.8 14.7l6.2 6.3 6.2-6.3c.2-.2.3-.5.3-.7s-.1-.5-.3-.7c-.2-.2-.4-.3-.7-.3h-11c-.3 0-.5.1-.7.3-.2.2-.3.5-.3.7s.1.5.3.7z\"\/><\/svg><\/span><\/span><\/span><\/a><\/span><\/div>\n<nav><ul class='ez-toc-list ez-toc-list-level-1 ' ><li class='ez-toc-page-1 ez-toc-heading-level-2'><a class=\"ez-toc-link ez-toc-heading-1\" href=\"https:\/\/www.americanlanguage.es\/blog-aprender-ingles\/institucion-libre-ensenanza-madrid\/#Exposicion_%C2%ABGiner_El_maestro_de_la_Espana_moderna%C2%BB\" >Exposici\u00f3n: \u00abGiner: El maestro de la Espa\u00f1a moderna\u00bb<\/a><\/li><li class='ez-toc-page-1 ez-toc-heading-level-2'><a class=\"ez-toc-link ez-toc-heading-2\" href=\"https:\/\/www.americanlanguage.es\/blog-aprender-ingles\/institucion-libre-ensenanza-madrid\/#La_Institucion_Libre_de_Ensenanza\" >La Instituci\u00f3n Libre de Ense\u00f1anza<\/a><ul class='ez-toc-list-level-3' ><li class='ez-toc-heading-level-3'><a class=\"ez-toc-link ez-toc-heading-3\" href=\"https:\/\/www.americanlanguage.es\/blog-aprender-ingles\/institucion-libre-ensenanza-madrid\/#Residencia_de_Estudiantes\" >Residencia de Estudiantes<\/a><\/li><\/ul><\/li><li class='ez-toc-page-1 ez-toc-heading-level-2'><a class=\"ez-toc-link ez-toc-heading-4\" href=\"https:\/\/www.americanlanguage.es\/blog-aprender-ingles\/institucion-libre-ensenanza-madrid\/#Un_modelo_educativo_avanzado\" >Un modelo educativo avanzado<\/a><\/li><li class='ez-toc-page-1 ez-toc-heading-level-2'><a class=\"ez-toc-link ez-toc-heading-5\" href=\"https:\/\/www.americanlanguage.es\/blog-aprender-ingles\/institucion-libre-ensenanza-madrid\/#Inspiracion_para_American_Language_Academy\" >Inspiraci\u00f3n para American Language Academy<\/a><\/li><\/ul><\/nav><\/div>\n<h2 data-start=\"510\" data-end=\"565\"><span class=\"ez-toc-section\" id=\"Exposicion_%C2%ABGiner_El_maestro_de_la_Espana_moderna%C2%BB\"><\/span>Exposici\u00f3n: \u00abGiner: El maestro de la Espa\u00f1a moderna\u00bb<span class=\"ez-toc-section-end\"><\/span><\/h2>\n<p data-start=\"567\" data-end=\"887\">\ud83d\udcc5 Disponible hasta el <strong data-start=\"590\" data-end=\"612\">domingo 22 de mayo<\/strong><br data-start=\"612\" data-end=\"615\" \/>\ud83d\udccd La muestra exhibe <strong data-start=\"636\" data-end=\"709\">documentos originales, fotograf\u00edas, cartas, libros, objetos, pinturas<\/strong> y relaciones de Giner con personalidades clave como <strong data-start=\"762\" data-end=\"873\">Sorolla, Emilia Pardo Baz\u00e1n, Federico Garc\u00eda Lorca, Santiago Ram\u00f3n y Cajal, Salvador Dal\u00ed y Rafael Altamira<\/strong>, entre otros.<\/p>\n<hr data-start=\"889\" data-end=\"892\" \/>\n<h2 data-start=\"894\" data-end=\"930\"><span class=\"ez-toc-section\" id=\"La_Institucion_Libre_de_Ensenanza\"><\/span>La Instituci\u00f3n Libre de Ense\u00f1anza<span class=\"ez-toc-section-end\"><\/span><\/h2>\n<p data-start=\"932\" data-end=\"1219\">La <strong data-start=\"935\" data-end=\"984\">ILE fue un movimiento cultural revolucionario<\/strong>, donde impartieron conferencias personalidades como <strong data-start=\"1037\" data-end=\"1073\">Albert Einstein, Ortega y Gasset<\/strong> o <strong data-start=\"1076\" data-end=\"1092\">Le\u00f3n Tolst\u00f3i<\/strong>. Fue centro de encuentro para las \u00e9lites art\u00edsticas y cient\u00edficas europeas, especialmente en la <strong data-start=\"1189\" data-end=\"1218\">Residencia de Estudiantes<\/strong>.<\/p>\n<h3 data-start=\"1221\" data-end=\"1250\"><span class=\"ez-toc-section\" id=\"Residencia_de_Estudiantes\"><\/span>Residencia de Estudiantes<span class=\"ez-toc-section-end\"><\/span><\/h3>\n<p data-start=\"1252\" data-end=\"1346\">\ud83d\udccd Calle del Pinar, 21-23, 28006 Madrid (paralela a la Castellana)<br data-start=\"1318\" data-end=\"1321\" \/>\ud83d\udcde Tel\u00e9fono: 915 63 64 11<\/p>\n<p data-start=\"1348\" data-end=\"1599\">Hoy se puede visitar y <strong data-start=\"1371\" data-end=\"1407\">ofrece alojamiento a estudiantes<\/strong> a precios excelentes. Es uno de los <strong data-start=\"1444\" data-end=\"1483\">lugares hist\u00f3ricos m\u00e1s emblem\u00e1ticos<\/strong> de la cultura madrile\u00f1a. All\u00ed forjaron amistad figuras como <strong data-start=\"1544\" data-end=\"1598\">Luis Bu\u00f1uel, Salvador Dal\u00ed y Federico Garc\u00eda Lorca<\/strong>.<\/p>\n<p data-start=\"1601\" data-end=\"1620\">Adem\u00e1s, cuenta con:<\/p>\n<p data-start=\"1624\" data-end=\"1635\">\ud83d\uddbc\ufe0f Museo<\/p>\n<p data-start=\"1638\" data-end=\"1650\">\ud83d\udecd\ufe0f Tienda<\/p>\n<p data-start=\"1653\" data-end=\"1698\">\ud83c\udf7d\ufe0f Restaurante abierto los fines de semana<\/p>\n<blockquote data-start=\"1699\" data-end=\"1748\">\n<p data-start=\"1701\" data-end=\"1748\"><em data-start=\"1701\" data-end=\"1748\">Se recomienda reservar: Tel\u00e9fono 915 61 32 00<\/em><\/p>\n<\/blockquote>\n<hr data-start=\"1750\" data-end=\"1753\" \/>\n<h2 data-start=\"1755\" data-end=\"1786\"><span class=\"ez-toc-section\" id=\"Un_modelo_educativo_avanzado\"><\/span>Un modelo educativo avanzado<span class=\"ez-toc-section-end\"><\/span><\/h2>\n<p data-start=\"1788\" data-end=\"1980\">La <strong data-start=\"1791\" data-end=\"1825\">Instituci\u00f3n Libre de Ense\u00f1anza<\/strong> es el movimiento educativo m\u00e1s significativo de la Espa\u00f1a contempor\u00e1nea. Difundi\u00f3 las corrientes pedag\u00f3gicas europeas y las ideas de la <strong data-start=\"1962\" data-end=\"1979\">Escuela Nueva<\/strong>.<\/p>\n<p data-start=\"1982\" data-end=\"1991\">Promovi\u00f3:<\/p>\n<ul data-start=\"1993\" data-end=\"2259\">\n<li data-start=\"1993\" data-end=\"2026\">\n<p data-start=\"1995\" data-end=\"2026\">La <strong data-start=\"1998\" data-end=\"2026\">libertad en la ense\u00f1anza<\/strong><\/p>\n<\/li>\n<li data-start=\"2027\" data-end=\"2101\">\n<p data-start=\"2029\" data-end=\"2101\">La <strong data-start=\"2032\" data-end=\"2054\">formaci\u00f3n integral<\/strong> (valores, coeducaci\u00f3n, participaci\u00f3n familiar)<\/p>\n<\/li>\n<li data-start=\"2102\" data-end=\"2203\">\n<p data-start=\"2104\" data-end=\"2123\">Actividades como:<\/p>\n<ul data-start=\"2126\" data-end=\"2203\">\n<li data-start=\"2126\" data-end=\"2146\">\n<p data-start=\"2128\" data-end=\"2146\">Educaci\u00f3n f\u00edsica<\/p>\n<\/li>\n<li data-start=\"2149\" data-end=\"2159\">\n<p data-start=\"2151\" data-end=\"2159\">M\u00fasica<\/p>\n<\/li>\n<li data-start=\"2162\" data-end=\"2172\">\n<p data-start=\"2164\" data-end=\"2172\">Teatro<\/p>\n<\/li>\n<li data-start=\"2175\" data-end=\"2203\">\n<p data-start=\"2177\" data-end=\"2203\">Contacto con la naturaleza<\/p>\n<\/li>\n<\/ul>\n<\/li>\n<li data-start=\"2204\" data-end=\"2259\">\n<p data-start=\"2206\" data-end=\"2259\">Una <strong data-start=\"2210\" data-end=\"2259\">metodolog\u00eda participativa, abierta y creativa<\/strong><\/p>\n<\/li>\n<\/ul>\n<hr data-start=\"2261\" data-end=\"2264\" \/>\n<h2 data-start=\"2266\" data-end=\"2311\"><span class=\"ez-toc-section\" id=\"Inspiracion_para_American_Language_Academy\"><\/span>Inspiraci\u00f3n para American Language Academy<span class=\"ez-toc-section-end\"><\/span><\/h2>\n<p data-start=\"2313\" data-end=\"2623\">La filosof\u00eda educativa de Giner de los R\u00edos <strong data-start=\"2357\" data-end=\"2488\">inspira la <a class=\"\" href=\"https:\/\/www.americanlanguage.es\/metodologia-american-language-academy.php\" target=\"_new\" rel=\"noopener\" data-start=\"2370\" data-end=\"2486\">metodolog\u00eda de American Language Academy<\/a><\/strong>:<br data-start=\"2489\" data-end=\"2492\" \/>Grupos reducidos donde los estudiantes interact\u00faan activamente con su profesor, desarrollando <strong data-start=\"2586\" data-end=\"2622\">habilidades comunicativas reales<\/strong>.<\/p>\n<blockquote data-start=\"2625\" data-end=\"2911\">\n<p data-start=\"2627\" data-end=\"2911\"><em data-start=\"2627\" data-end=\"2875\"><strong data-start=\"2628\" data-end=\"2874\">\u201cLas clases deben venir a ser una reuni\u00f3n durante algunas horas, grata, espont\u00e1nea, \u00edntima, en que los ejercicios te\u00f3ricos y pr\u00e1cticos, el di\u00e1logo y la explicaci\u00f3n, la discusi\u00f3n y la interrogaci\u00f3n mutua alternen libremente con arte racional.\u201d<\/strong><\/em><br data-start=\"2875\" data-end=\"2878\" \/>\u2014 <em data-start=\"2882\" data-end=\"2911\">Francisco Giner de los R\u00edos<\/em><\/p>\n<\/blockquote>\n<hr data-start=\"2913\" data-end=\"2916\" \/>\n<p data-start=\"2918\" data-end=\"3068\">En <strong data-start=\"2921\" data-end=\"2950\">American Language Academy<\/strong> celebramos el legado de Giner de los R\u00edos promoviendo una ense\u00f1anza <strong data-start=\"3019\" data-end=\"3067\">activa, motivadora, participativa y pr\u00e1ctica<\/strong>.<\/p>\n<blockquote data-start=\"3070\" data-end=\"3454\">\n<p data-start=\"3072\" data-end=\"3454\"><em data-start=\"3072\" data-end=\"3418\"><strong data-start=\"3073\" data-end=\"3417\">\u00abRomped esas enormes masas de alumnos, por necesidad constre\u00f1idas a o\u00edr pasivamente una lecci\u00f3n o a alternar en un interrogatorio de memoria [&#8230;] Sustituid en torno al profesor a todos esos elementos cl\u00e1sicos, por un c\u00edrculo poco numeroso de escolares activos, que piensan, que hablan, que discuten, que se mueven, que est\u00e1n vivos en suma\u00bb<\/strong><\/em><br data-start=\"3418\" data-end=\"3421\" \/>\u2014 <em data-start=\"3425\" data-end=\"3454\">Francisco Giner de los R\u00edos<\/em><\/p>\n<\/blockquote>\n<hr data-start=\"3456\" data-end=\"3459\" \/>\n<p data-start=\"3461\" data-end=\"3592\"><strong data-start=\"3461\" data-end=\"3518\">Conmemoramos la figura de Francisco Giner de los R\u00edos<\/strong> recordando y celebrando el poder de una educaci\u00f3n libre, viva y creativa.<\/p>\n<p data-start=\"3594\" data-end=\"3706\"><img decoding=\"async\" src=\"https:\/\/api.americanlanguage.es\/uploads\/e4371e6a8ecf49e8bdaeaa8df30952b5.png\" alt=\"Francisco Giner de los R\u00edos\" data-start=\"3594\" data-end=\"3706\" \/><\/p>\n<p data-start=\"3713\" data-end=\"3752\" data-is-last-node=\"\" data-is-only-node=\"\">\n","protected":false},"excerpt":{"rendered":"<p>Conmemorando los 100 a\u00f1os de la muerte de Francisco Giner de los R\u00edos, pensador, pedagogo e impulsor del proyecto de modernizaci\u00f3n del pa\u00eds y uno de los principales fundadores de la Instituci\u00f3n Libre de Ense\u00f1anza, esta exquisita exposici\u00f3n hace un recorrido por la trayectoria personal de Francisco Giner de los R\u00edos y de su principal obra, la Instituci\u00f3n Libre de Ense\u00f1anza.<\/p>\n","protected":false},"author":3,"featured_media":618,"comment_status":"open","ping_status":"open","sticky":false,"template":"","format":"standard","meta":{"fifu_image_url":"https:\/\/api.americanlanguage.es\/uploads\/01a58443be10434ca419aa0ab9a77e66.jpg","fifu_image_alt":"","footnotes":""},"categories":[2],"tags":[],"class_list":["post-616","post","type-post","status-publish","format-standard","has-post-thumbnail","hentry","category-cultura"],"_links":{"self":[{"href":"https:\/\/www.americanlanguage.es\/blog-aprender-ingles\/wp-json\/wp\/v2\/posts\/616","targetHints":{"allow":["GET"]}}],"collection":[{"href":"https:\/\/www.americanlanguage.es\/blog-aprender-ingles\/wp-json\/wp\/v2\/posts"}],"about":[{"href":"https:\/\/www.americanlanguage.es\/blog-aprender-ingles\/wp-json\/wp\/v2\/types\/post"}],"author":[{"embeddable":true,"href":"https:\/\/www.americanlanguage.es\/blog-aprender-ingles\/wp-json\/wp\/v2\/users\/3"}],"replies":[{"embeddable":true,"href":"https:\/\/www.americanlanguage.es\/blog-aprender-ingles\/wp-json\/wp\/v2\/comments?post=616"}],"version-history":[{"count":1,"href":"https:\/\/www.americanlanguage.es\/blog-aprender-ingles\/wp-json\/wp\/v2\/posts\/616\/revisions"}],"predecessor-version":[{"id":617,"href":"https:\/\/www.americanlanguage.es\/blog-aprender-ingles\/wp-json\/wp\/v2\/posts\/616\/revisions\/617"}],"wp:featuredmedia":[{"embeddable":true,"href":"https:\/\/www.americanlanguage.es\/blog-aprender-ingles\/wp-json\/wp\/v2\/media\/618"}],"wp:attachment":[{"href":"https:\/\/www.americanlanguage.es\/blog-aprender-ingles\/wp-json\/wp\/v2\/media?parent=616"}],"wp:term":[{"taxonomy":"category","embeddable":true,"href":"https:\/\/www.americanlanguage.es\/blog-aprender-ingles\/wp-json\/wp\/v2\/categories?post=616"},{"taxonomy":"post_tag","embeddable":true,"href":"https:\/\/www.americanlanguage.es\/blog-aprender-ingles\/wp-json\/wp\/v2\/tags?post=616"}],"curies":[{"name":"wp","href":"https:\/\/api.w.org\/{rel}","templated":true}]}}